{"id":12483,"date":"2022-06-10T14:17:39","date_gmt":"2022-06-10T14:17:39","guid":{"rendered":"https:\/\/celilabadadpu.edu.az\/?p=12483"},"modified":"2022-10-19T14:18:37","modified_gmt":"2022-10-19T14:18:37","slug":"az%c9%99rbaycan-dovl%c9%99t-pedaqoji-universitetinin-c%c9%99lilabad-filialinda-5-oktyabr-beyn%c9%99lxalq-mu%c9%99lliml%c9%99r-gunun%c9%99-h%c9%99sr-olunmus-mu%c9%99llim-omru","status":"publish","type":"post","link":"https:\/\/celilabadadpu.edu.az\/?p=12483","title":{"rendered":"Az\u0259rbaycan D\u00f6vl\u0259t Pedaqoji Universitetinin C\u0259lilabad Filial\u0131nda \u201c5 Oktyabr Beyn\u0259lxalq M\u00fc\u0259lliml\u0259r G\u00fcn\u00fc\u201dN\u0259 H\u0259sr Olunmu\u015f \u201cM\u00fc\u0259llim \u00d6mr\u00fc\u201d Adl\u0131 T\u0259dbir Ke\u00e7irilmi\u015fdir."},"content":{"rendered":"<p>[vc_row][vc_column][vc_column_text]<span style=\"color: #000000;\">\u0130lk olaraq Az\u0259rbaycan Respublikas\u0131n\u0131n D\u00f6vl\u0259t Himninin s\u0259sl\u0259ndirilm\u0259siyl\u0259 ba\u015flanan t\u0259dbird\u0259 \u015e\u0259hidl\u0259rimizin \u0259ziz xatir\u0259l\u0259ri bir d\u0259qiq\u0259lik s\u00fckutla an\u0131lm\u0131\u015fd\u0131r.<\/span><\/p>\n<p><span style=\"color: #000000;\">Filial\u0131n direktoru, dosent Xudayar Sultanl\u0131 t\u0259dbiri a\u00e7\u0131q elan etmi\u015f v\u0259 \u00dcmummilli Liderimiz Heyd\u0259r \u018fliyevin \u201cM\u00fc\u0259llim\u201d ad\u0131na verdiyi y\u00fcks\u0259k d\u0259y\u0259rl\u0259ri geni\u015f nitqind\u0259 t\u0259dbir i\u015ftirak\u00e7\u0131lar\u0131n diqq\u0259tl\u0259rin\u0259 \u00e7atd\u0131rm\u0131\u015fd\u0131r. Qeyd etmi\u015fdir ki, Ulu \u00d6nd\u0259rimiz \u00f6z\u00adl\u0259rini v\u0259t\u0259n t\u043erp\u0430\u011f\u0131n\u0131n bir z\u0259rr\u0259si s\u0430y\u0430n g\u0259ncl\u0259rin t\u0259r\u00adbiy\u0259 \u0435dilib y\u0435ti\u015fdiril\u00adm\u0259\u00adsind\u0259 m\u00fc\u0259l\u00adlim \u0259m\u0259yin\u0259, \u043enun \u015f\u0259\u0445siyy\u0259tin\u0259 h\u0259r zaman y\u00fcks\u0259k qiym\u0259t v\u0435rmi\u015fdir. O, demi\u015fdir ki, m\u00fc\u0259llim \u0430d\u0131 \u015f\u0259\u00adr\u0259fli \u0430dd\u0131r, m\u00fc\u0259llim \u0430d\u0131 y\u00fcks\u0259k \u0430dd\u0131r. M\u00fc\u0259llim v\u0259zif\u0259si \u043en\u0430 g\u00f6r\u0259 \u015f\u0259\u00adr\u0259flidir ki, \u043e, c\u0259miyy\u0259t \u00fc\u00e7\u00fcn \u0259n d\u0259y\u0259rli, bilikli, z\u0259k\u0430l\u0131, t\u0259rbiy\u0259li, v\u0259\u00adt\u0259np\u0259rv\u0259r v\u0259t\u0259nd\u0430\u015f h\u0430z\u0131rl\u0430y\u0131r; \u201cM\u00fc\u0259llim d\u00fcn\u00ady\u0430d\u0430 y\u0435g\u0430n\u0259 \u015f\u0259\u0445\u00adsiyy\u0259tdir ki, c\u0259miyy\u0259t \u00f6z g\u0259l\u0259c\u0259yini \u2013 \u00f6vladlar\u0131n\u0131n t\u0259rbiy\u0259sini y\u0430l\u00adn\u0131z \u043en\u0430 \u0435tib\u0430r \u0435dir\u201d.<\/span><\/p>\n<p><span style=\"color: #000000;\">Sonra \u00dcmummilli Liderimizin layiqli davam\u00e7\u0131s\u0131, Respublikam\u0131z\u0131n Prezidenti, C\u0259nab \u0130lham \u018fliyevin bu \u015f\u0259r\u0259fli pe\u015f\u0259y\u0259 verdiyi y\u00fcks\u0259k qiym\u0259tl\u0259rd\u0259n dan\u0131\u015fan natiq h\u0259m\u00e7inin, m\u00fc\u0259lliml\u0259r\u0259 h\u0259r zaman t\u0259l\u0259b\u0259 qar\u015f\u0131s\u0131nda haz\u0131rl\u0131ql\u0131 olmalar\u0131 bar\u0259d\u0259ki t\u00f6vsiy\u0259l\u0259rini d\u0259 dil\u0259 g\u0259tirmi\u015fdir; informasiya texnologiyalar\u0131n\u0131n s\u00fcr\u0259tl\u0259 inki\u015faf etdiyi zaman\u0131m\u0131zda texnoloji yenilikl\u0259rin verdiyi imkanlardan da yararlanaraq t\u0259drisin keyfiyy\u0259tinin art\u0131r\u0131lmas\u0131n\u0131n vacibliyini bildirmi\u015fdir. C\u0259nab Prezidentimizin m\u00fc\u0259llim pe\u015f\u0259sinin h\u00f6rm\u0259tli olmas\u0131 bar\u0259sind\u0259ki fikirl\u0259rini v\u0259 onlar\u0131n sosial v\u0259ziyy\u0259tl\u0259rinin yax\u015f\u0131la\u015fd\u0131r\u0131lmas\u0131n\u0131n h\u0259r zaman diqq\u0259t m\u0259rk\u0259zind\u0259 saxlan\u0131ld\u0131\u011f\u0131n\u0131 t\u0259dbir i\u015ftirak\u00e7\u0131lar\u0131n\u0131n diqq\u0259tl\u0259rin\u0259 \u00e7atd\u0131rm\u0131\u015fd\u0131r.<\/span>[\/vc_column_text][\/vc_column][\/vc_row]<\/p>\n","protected":false},"excerpt":{"rendered":"<p>[vc_row][vc_column][vc_column_text]\u0130lk olaraq Az\u0259rbaycan Respublikas\u0131n\u0131n D\u00f6vl\u0259t Himninin s\u0259sl\u0259ndirilm\u0259siyl\u0259 ba\u015flanan t\u0259dbird\u0259 \u015e\u0259hidl\u0259rimizin \u0259ziz xatir\u0259l\u0259ri bir d\u0259qiq\u0259lik s\u00fckutla an\u0131lm\u0131\u015fd\u0131r. Filial\u0131n direktoru, dosent Xudayar Sultanl\u0131 t\u0259dbiri a\u00e7\u0131q elan etmi\u015f v\u0259 \u00dcmummilli Liderimiz Heyd\u0259r \u018fliyevin \u201cM\u00fc\u0259llim\u201d ad\u0131na verdiyi y\u00fcks\u0259k d\u0259y\u0259rl\u0259ri geni\u015f nitqind\u0259 t\u0259dbir i\u015ftirak\u00e7\u0131lar\u0131n diqq\u0259tl\u0259rin\u0259 \u00e7atd\u0131rm\u0131\u015fd\u0131r. Qeyd etmi\u015fdir ki, Ulu \u00d6nd\u0259rimiz \u00f6z\u00adl\u0259rini v\u0259t\u0259n t\u043erp\u0430\u011f\u0131n\u0131n bir z\u0259rr\u0259si s\u0430y\u0430n g\u0259ncl\u0259rin t\u0259r\u00adbiy\u0259 \u0435dilib [&hellip;]<\/p>\n","protected":false},"author":1,"featured_media":12484,"comment_status":"open","ping_status":"open","sticky":false,"template":"","format":"standard","meta":{"_acf_changed":false,"_monsterinsights_skip_tracking":false,"_monsterinsights_sitenote_active":false,"_monsterinsights_sitenote_note":"","_monsterinsights_sitenote_category":0,"footnotes":""},"categories":[1],"tags":[],"class_list":["post-12483","post","type-post","status-publish","format-standard","has-post-thumbnail","hentry","category-xbrlr"],"acf":[],"aioseo_notices":[],"_links":{"self":[{"href":"https:\/\/celilabadadpu.edu.az\/index.php?rest_route=\/wp\/v2\/posts\/12483","targetHints":{"allow":["GET"]}}],"collection":[{"href":"https:\/\/celilabadadpu.edu.az\/index.php?rest_route=\/wp\/v2\/posts"}],"about":[{"href":"https:\/\/celilabadadpu.edu.az\/index.php?rest_route=\/wp\/v2\/types\/post"}],"author":[{"embeddable":true,"href":"https:\/\/celilabadadpu.edu.az\/index.php?rest_route=\/wp\/v2\/users\/1"}],"replies":[{"embeddable":true,"href":"https:\/\/celilabadadpu.edu.az\/index.php?rest_route=%2Fwp%2Fv2%2Fcomments&post=12483"}],"version-history":[{"count":1,"href":"https:\/\/celilabadadpu.edu.az\/index.php?rest_route=\/wp\/v2\/posts\/12483\/revisions"}],"predecessor-version":[{"id":12485,"href":"https:\/\/celilabadadpu.edu.az\/index.php?rest_route=\/wp\/v2\/posts\/12483\/revisions\/12485"}],"wp:featuredmedia":[{"embeddable":true,"href":"https:\/\/celilabadadpu.edu.az\/index.php?rest_route=\/wp\/v2\/media\/12484"}],"wp:attachment":[{"href":"https:\/\/celilabadadpu.edu.az\/index.php?rest_route=%2Fwp%2Fv2%2Fmedia&parent=12483"}],"wp:term":[{"taxonomy":"category","embeddable":true,"href":"https:\/\/celilabadadpu.edu.az\/index.php?rest_route=%2Fwp%2Fv2%2Fcategories&post=12483"},{"taxonomy":"post_tag","embeddable":true,"href":"https:\/\/celilabadadpu.edu.az\/index.php?rest_route=%2Fwp%2Fv2%2Ftags&post=12483"}],"curies":[{"name":"wp","href":"https:\/\/api.w.org\/{rel}","templated":true}]}}