{"id":12770,"date":"2022-09-13T06:38:17","date_gmt":"2022-09-13T06:38:17","guid":{"rendered":"https:\/\/celilabadadpu.edu.az\/?p=12770"},"modified":"2022-11-26T06:39:22","modified_gmt":"2022-11-26T06:39:22","slug":"bu-gun-v%c9%99t%c9%99n-muharib%c9%99si-s%c9%99hidimiz-r%c9%99sad-%c9%99l%c9%99kb%c9%99r-oglu-zeyniyevin-dogum-gunudur","status":"publish","type":"post","link":"https:\/\/celilabadadpu.edu.az\/?p=12770","title":{"rendered":"Bu G\u00fcn V\u0259t\u0259n M\u00fcharib\u0259si \u015e\u0259hidimiz R\u0259\u015fad \u018fl\u0259kb\u0259r O\u011flu Zeyniyevin Do\u011fum G\u00fcn\u00fcd\u00fcr."},"content":{"rendered":"<p>[vc_row][vc_column][vc_column_text]<span style=\"color: #000000;\">R\u0259\u015fad \u018fl\u0259kb\u0259r o\u011flu Zeyniyev 13 sentyabr 2001-ci il tarixind\u0259 C\u0259lilabad \u015f\u0259h\u0259rind\u0259anadan olub. O, \u015f\u0259h\u0259rin 5 sayl\u0131 tam orta m\u0259kt\u0259bind\u0259 t\u0259hsil alm\u0131\u015f, \u201cC\u0259lilabad D\u00f6vl\u0259t Pe\u015f\u0259 T\u0259hsil M\u0259rk\u0259zi\u201dnin m\u0259zunuolmu\u015fdur. 8 il \u0259rzind\u0259 g\u00fcl\u0259\u015f idman n\u00f6v\u00fc il\u0259 m\u0259\u015f\u011ful olub. Ail\u0259d\u0259 3 \u00f6vladdan sonbe\u015fiyi idi.<\/span><\/p>\n<p><span style=\"color: #000000;\">2019-cu ilin oktyabr ay\u0131nda C\u0259lilabad rayon h\u0259rbi komissarl\u0131\u011f\u0131ndan h\u0259rbi xidm\u0259t\u0259 yollan\u0131b. 28 sentyabr 2020-ci il tarixind\u0259n etibar\u0259n \u0130kinci Qaraba\u011f m\u00fcharib\u0259sind\u0259 i\u015ftirak edib. F\u00fczuli rayonu v\u0259 \u015eu\u015fa \u015f\u0259h\u0259ri u\u011frunda ged\u0259n d\u00f6y\u00fc\u015fl\u0259rd\u0259 b\u00f6y\u00fck \u015f\u00fcca\u0259t g\u00f6st\u0259rib. 8 noyabr tarixind\u0259, \u015eu\u015fa istiqam\u0259tind\u0259 d\u00f6y\u00fc\u015f zaman\u0131 \u00e7ox yax\u0131nl\u0131\u011f\u0131nda partlayan m\u0259rmi bu q\u0259hr\u0259man \u00f6vlad\u0131m\u0131z\u0131n h\u0259yat\u0131na son qoymu\u015fdur. O, do\u011fulub boya-ba\u015fa \u00e7atd\u0131\u011f\u0131 C\u0259lilabad \u015f\u0259h\u0259rind\u0259 d\u0259fn olunub.<\/span><\/p>\n<p><span style=\"color: #000000;\">R\u0259\u015fad Zeyniyev Az\u0259rbaycan\u0131n \u0259razi b\u00fct\u00f6vl\u00fcy\u00fcn\u00fcn t\u0259min edilm\u0259si u\u011frunda d\u00f6y\u00fc\u015f \u0259m\u0259liyyatlar\u0131na qat\u0131lm\u0131\u015fv\u0259 h\u0259rbi hiss\u0259 qar\u015f\u0131s\u0131nda qoyulmu\u015f tap\u015f\u0131r\u0131qlar\u0131n icras\u0131 zaman\u0131 v\u0259zif\u0259 borcunu \u015f\u0259r\u0259fl\u0259 yerin\u0259 yetirmi\u015fdir. \u015eidd\u0259tli d\u00f6y\u00fc\u015fl\u0259r zaman\u0131 g\u00f6st\u0259rdiyi \u00e7oxsayl\u0131 igidlikl\u0259r\u0259 g\u00f6r\u0259 Az\u0259rbaycan Respublikas\u0131n\u0131n Prezidenti c\u0259nab \u0130lham \u018fliyevin 15.12.2020-ci il tarixli s\u0259r\u0259ncam\u0131na \u0259sas\u0259n \u00f6l\u00fcm\u00fcnd\u0259n sonra &#8220;V\u0259t\u0259n u\u011frunda&#8221;;F\u00fczuli v\u0259 Xocav\u0259nd rayonlar\u0131n\u0131n i\u015f\u011faldan azad edilm\u0259si u\u011frunda apar\u0131lan d\u00f6y\u00fc\u015f \u0259m\u0259liyyatlar\u0131na qat\u0131laraq, \u015f\u0259xsi igidliyi v\u0259 \u015f\u00fcca\u0259tin\u0259 g\u00f6r\u0259 25.12.2020-ci il tarixli s\u0259r\u0259ncama \u0259sas\u0259n &#8220;F\u00fczulinin azad olunmas\u0131na g\u00f6r\u0259&#8221;, \u201cXocav\u0259ndin azad olunmas\u0131na g\u00f6r\u0259\u201d; \u015eu\u015fa \u015f\u0259h\u0259rinini\u015f\u011faldan azad edilm\u0259si u\u011frunda apar\u0131lan q\u0131z\u011f\u0131n d\u00f6y\u00fc\u015f \u0259m\u0259liyyatlar\u0131na qat\u0131laraq y\u00fcks\u0259k d\u00f6y\u00fc\u015f bacar\u0131qlar\u0131 \u00fc\u00e7\u00fcn 29.12.2020-ci il tarixli s\u0259r\u0259ncama\u0259sas\u0259n \u201c\u015eu\u015fan\u0131n azad olunmas\u0131na g\u00f6r\u0259\u201d; 24.06.2021-ci il tarixli s\u0259r\u0259ncama \u0259sas\u0259n is\u0259 \u201cC\u0259sur d\u00f6y\u00fc\u015f\u00e7\u00fc medal\u0131\u201d il\u0259 t\u0259ltif edilmi\u015fdir.<\/span><\/p>\n<p><span style=\"color: #000000;\">V\u0259t\u0259nimizin igid o\u011flu R\u0259\u015fad Zeyniyevin \u0259ziz xatir\u0259si q\u0259lbimizd\u0259 daim ya\u015fayacaqd\u0131r.<\/span>[\/vc_column_text][\/vc_column][\/vc_row]<\/p>\n","protected":false},"excerpt":{"rendered":"<p>[vc_row][vc_column][vc_column_text]R\u0259\u015fad \u018fl\u0259kb\u0259r o\u011flu Zeyniyev 13 sentyabr 2001-ci il tarixind\u0259 C\u0259lilabad \u015f\u0259h\u0259rind\u0259anadan olub. O, \u015f\u0259h\u0259rin 5 sayl\u0131 tam orta m\u0259kt\u0259bind\u0259 t\u0259hsil alm\u0131\u015f, \u201cC\u0259lilabad D\u00f6vl\u0259t Pe\u015f\u0259 T\u0259hsil M\u0259rk\u0259zi\u201dnin m\u0259zunuolmu\u015fdur. 8 il \u0259rzind\u0259 g\u00fcl\u0259\u015f idman n\u00f6v\u00fc il\u0259 m\u0259\u015f\u011ful olub. Ail\u0259d\u0259 3 \u00f6vladdan sonbe\u015fiyi idi. 2019-cu ilin oktyabr ay\u0131nda C\u0259lilabad rayon h\u0259rbi komissarl\u0131\u011f\u0131ndan h\u0259rbi xidm\u0259t\u0259 yollan\u0131b. 28 sentyabr 2020-ci [&hellip;]<\/p>\n","protected":false},"author":1,"featured_media":12771,"comment_status":"open","ping_status":"open","sticky":false,"template":"","format":"standard","meta":{"_acf_changed":false,"_monsterinsights_skip_tracking":false,"_monsterinsights_sitenote_active":false,"_monsterinsights_sitenote_note":"","_monsterinsights_sitenote_category":0,"footnotes":""},"categories":[1],"tags":[],"class_list":["post-12770","post","type-post","status-publish","format-standard","has-post-thumbnail","hentry","category-xbrlr"],"acf":[],"aioseo_notices":[],"_links":{"self":[{"href":"https:\/\/celilabadadpu.edu.az\/index.php?rest_route=\/wp\/v2\/posts\/12770","targetHints":{"allow":["GET"]}}],"collection":[{"href":"https:\/\/celilabadadpu.edu.az\/index.php?rest_route=\/wp\/v2\/posts"}],"about":[{"href":"https:\/\/celilabadadpu.edu.az\/index.php?rest_route=\/wp\/v2\/types\/post"}],"author":[{"embeddable":true,"href":"https:\/\/celilabadadpu.edu.az\/index.php?rest_route=\/wp\/v2\/users\/1"}],"replies":[{"embeddable":true,"href":"https:\/\/celilabadadpu.edu.az\/index.php?rest_route=%2Fwp%2Fv2%2Fcomments&post=12770"}],"version-history":[{"count":1,"href":"https:\/\/celilabadadpu.edu.az\/index.php?rest_route=\/wp\/v2\/posts\/12770\/revisions"}],"predecessor-version":[{"id":12772,"href":"https:\/\/celilabadadpu.edu.az\/index.php?rest_route=\/wp\/v2\/posts\/12770\/revisions\/12772"}],"wp:featuredmedia":[{"embeddable":true,"href":"https:\/\/celilabadadpu.edu.az\/index.php?rest_route=\/wp\/v2\/media\/12771"}],"wp:attachment":[{"href":"https:\/\/celilabadadpu.edu.az\/index.php?rest_route=%2Fwp%2Fv2%2Fmedia&parent=12770"}],"wp:term":[{"taxonomy":"category","embeddable":true,"href":"https:\/\/celilabadadpu.edu.az\/index.php?rest_route=%2Fwp%2Fv2%2Fcategories&post=12770"},{"taxonomy":"post_tag","embeddable":true,"href":"https:\/\/celilabadadpu.edu.az\/index.php?rest_route=%2Fwp%2Fv2%2Ftags&post=12770"}],"curies":[{"name":"wp","href":"https:\/\/api.w.org\/{rel}","templated":true}]}}