{"id":12923,"date":"2022-12-30T13:51:38","date_gmt":"2022-12-30T13:51:38","guid":{"rendered":"https:\/\/celilabadadpu.edu.az\/?p=12923"},"modified":"2022-12-30T13:51:51","modified_gmt":"2022-12-30T13:51:51","slug":"31-dekabr-dunya-az%c9%99rbaycanlilarinin-h%c9%99mr%c9%99ylik-gunu-v%c9%99-yeni-il-munasib%c9%99til%c9%99-az%c9%99rbaycan-dovl%c9%99t-pedaqoji-universiteti-c%c9%99lilabad-filialinin-direktoru-dosent","status":"publish","type":"post","link":"https:\/\/celilabadadpu.edu.az\/?p=12923","title":{"rendered":"31 Dekabr &#8211; D\u00fcnya Az\u0259rbaycanl\u0131lar\u0131n\u0131n H\u0259mr\u0259ylik G\u00fcn\u00fc v\u0259 Yeni il m\u00fcnasib\u0259til\u0259 Az\u0259rbaycan D\u00f6vl\u0259t Pedaqoji Universiteti C\u0259lilabad filial\u0131n\u0131n direktoru, dosent Xudayar Sultanl\u0131n\u0131n t\u0259briki"},"content":{"rendered":"<p>[vc_row][vc_column][vc_column_text]\u018fziz v\u0259 \u00e7ox h\u00f6rm\u0259tli ADPU-nun C\u0259lilabad filial\u0131n\u0131n kollektivi v\u0259 b\u00fct\u00fcn h\u0259mv\u0259t\u0259nl\u0259r; Sizi qar\u015f\u0131dan g\u0259l\u0259n 31 Dekabr &#8211;  D\u00fcnya Az\u0259rbaycanl\u0131lar\u0131n\u0131n H\u0259mr\u0259ylik G\u00fcn\u00fc v\u0259 Yeni il &#8211; 2023-c\u00fc il m\u00fcnasib\u0259til\u0259 s\u0259mimi-q\u0259lbd\u0259n t\u0259brik edir\u0259m. Yola salmaqda oldu\u011fumuz 2022-ci il D\u00f6vl\u0259t\u00e7ilik tariximizd\u0259 art\u0131q dinamik hal alm\u0131\u015f h\u0259yat\u0131m\u0131z \u00fc\u00e7\u00fcn s\u00f6z\u00fcn \u0259sl m\u0259nas\u0131nda h\u0259rt\u0259r\u0259fli inki\u015faf\u0131n, t\u0259r\u0259qqinin, m\u0259d\u0259ni-m\u0259n\u0259vi d\u0259y\u0259rl\u0259rimizin \u00f6n planda oldu\u011fu bir il olmu\u015fdur. Az\u0259rbaycan\u00e7\u0131l\u0131q ideologiyas\u0131n\u0131n fundamental \u0259saslar\u0131n\u0131 \u00f6z\u00fcn\u0259m\u0259xsus heyranedici t\u0259f\u0259kk\u00fcr\u00fc, y\u00fcks\u0259k h\u0259yat f\u0259ls\u0259f\u0259si, \u0259sl v\u0259t\u0259nda\u015f m\u00f6vqeyil\u0259 i\u015fl\u0259yib haz\u0131rlayan \u00dcmummilli Liderimiz Heyd\u0259r \u018fliyev vaxtil\u0259 bu q\u0259rar\u0131n\u0131 ver\u0259rk\u0259n \u015f\u00fcbh\u0259siz ki, xalq\u0131m\u0131z\u0131n g\u0259l\u0259c\u0259k taleyini d\u00fc\u015f\u00fcnm\u00fc\u015f, daimi y\u00fcks\u0259li\u015fimiz namin\u0259 b\u00fct\u00fcn d\u00fcnyada ya\u015fayan soyda\u015flar\u0131m\u0131z\u0131n bir araya g\u0259lm\u0259sini, onlar\u0131n tale y\u00fckl\u00fc m\u0259s\u0259l\u0259l\u0259rinin h\u0259lli istiqam\u0259tind\u0259 heyr\u0259tamiz v\u0259t\u0259np\u0259rv\u0259rlik n\u00fcmayi\u015f etdir\u0259r\u0259k Ali D\u00f6vl\u0259t &#8211; R\u0259hb\u0259rlik missiyas\u0131n\u0131 \u015f\u0259r\u0259f v\u0259 l\u0259yaq\u0259tl\u0259 yerin\u0259 yetirmi\u015fdir. El\u0259 bu bax\u0131mdan ham\u0131m\u0131z \u00fc\u00e7\u00fcn \u0259ziz v\u0259 do\u011fma bayram olan D\u00fcnya Az\u0259rbaycanl\u0131lar\u0131n\u0131n H\u0259mr\u0259ylik G\u00fcn\u00fc d\u00fcnyan\u0131n m\u00fcxt\u0259lif co\u011frafi m\u0259kanlar\u0131nda ya\u015fayan v\u0259 Az\u0259rbaycanl\u0131 mentalitetini da\u015f\u0131yan insanlar\u0131m\u0131z\u0131n vacib q\u00fcrur qayna\u011f\u0131, motivasiyas\u0131 \u00fc\u00e7\u00fcn ruhi qida m\u0259nb\u0259yi, strateji planlar\u0131n h\u0259yata ke\u00e7irilm\u0259sin\u0259, soyk\u00f6k\u0259 ba\u011fl\u0131l\u0131\u011fa \u0259hd-peyman ni\u015fan\u0259sidir. T\u0259sad\u00fcf\u00fc deyildir ki, B\u00f6y\u00fck Heyd\u0259r \u018fliyev M\u0259kt\u0259binin layiqli davam\u00e7\u0131s\u0131, Respublikam\u0131z\u0131n Prezidenti C\u0259nab \u0130lham \u018fliyevin uzaqg\u00f6r\u0259n  siyas\u0259ti d\u0259 d\u00f6vl\u0259t\u00e7iliyimiz istiqam\u0259tind\u0259 heyranedici \u00e7al\u0131\u015fmalar\u0131, \u0259zmkar f\u0259aliyy\u0259tl\u0259ri, qabaqc\u0131l h\u0259ml\u0259l\u0259ri,  dahiyan\u0259 fikirl\u0259ri, h\u0259m\u00e7inin parlaq g\u0259l\u0259c\u0259yimiz namin\u0259 \u0259sasl\u0131 ideallar\u0131 \u00f6z\u00fcnd\u0259 ya\u015fatmaqdad\u0131r. M\u00f6ht\u0259r\u0259m Prezidentimizin R\u0259hb\u0259rliyil\u0259 b\u00fct\u00fcn d\u00fcnyada ya\u015fayan soyda\u015flar\u0131m\u0131z\u0131n m\u0259nafel\u0259ri daim diqq\u0259t m\u0259rk\u0259zind\u0259 olmu\u015f, onlar\u0131n siyasi-iqtisadi, sosial, m\u0259d\u0259ni-m\u0259n\u0259vi h\u0259yatlar\u0131n\u0131n y\u00fcks\u0259li\u015fin\u0259 m\u00fct\u0259madi olaraq d\u0259st\u0259k olunmu\u015fdur. \u018flb\u0259tt\u0259, Respublikam\u0131z\u0131n h\u00fcdudlar\u0131ndan k\u0259narda akademik f\u0259aliyy\u0259tl\u0259 m\u0259\u015f\u011ful olan soyda\u015flar\u0131m\u0131z da bu qay\u011f\u0131dan u\u011furla faydalanmaqdad\u0131rlar.<br \/>\n     \u015eanl\u0131 Ordumuzun Z\u0259f\u0259r memar\u0131 olaraq M\u00fcz\u0259ff\u0259r Prezidentimiz C\u0259nab \u0130lham \u018fliyevin D\u00fcnya Az\u0259rbaycanl\u0131lar\u0131n\u0131n V Qurultay\u0131n\u0131n  bu ilin Aprel ay\u0131n\u0131n 22-d\u0259 m\u0259hz, i\u015f\u011faldan azad olunan \u015eu\u015fa \u015f\u0259h\u0259rind\u0259 &#8211; Z\u0259f\u0259r Qurultay\u0131 ad\u0131 alt\u0131nda ke\u00e7irm\u0259si h\u0259r birimizi q\u00fcrurland\u0131ran f\u0259xar\u0259tli, c\u0259sur bir add\u0131m olaraq \u015e\u0259hidl\u0259rimizin m\u00fcq\u0259dd\u0259s ruhlar\u0131na h\u00f6rm\u0259t \u0259lam\u0259ti idi. D\u00f6vl\u0259t quruculu\u011fumuzun b\u00fct\u00fcn sah\u0259l\u0259rind\u0259 \u0259ld\u0259 olunan m\u00fch\u00fcm nailiyy\u0259tl\u0259r \u00f6lk\u0259mizin d\u00fcnya birliyind\u0259 layiqli yer tutmas\u0131na, d\u00fcnyada ya\u015fayan soyda\u015flar\u0131m\u0131z\u0131n milli h\u00fcq\u00fcqlar\u0131n\u0131n, beyn\u0259lxalq haqlar\u0131n\u0131n h\u0259yata ke\u00e7irilm\u0259sin\u0259 geni\u015f imkanlar a\u00e7maqla onlar\u0131n \u00f6z\u00fcn\u0259inam, birlik v\u0259 b\u0259rab\u0259rliyimizin g\u0259tirdiyi D\u00f6vl\u0259t\u00e7ilik Sistemimiz\u0259, onun R\u0259hb\u0259rliyin\u0259 g\u00fcv\u0259n meyarlar\u0131n\u0131 g\u00fccl\u0259ndirm\u0259kd\u0259dir.<br \/>\n     \u018fziz soyda\u015flar\u0131m\u0131z, Sizl\u0259ri bir daha qar\u015f\u0131dan g\u0259l\u0259n 31 Dekabr &#8211; D\u00fcnya Az\u0259rbaycanl\u0131lar\u0131n\u0131n H\u0259mr\u0259ylik G\u00fcn\u00fc v\u0259 Yeni il bayram\u0131 m\u00fcnasib\u0259til\u0259 \u00fcr\u0259kd\u0259n t\u0259brik edir, h\u0259r biriniz\u0259 uzun \u00f6m\u00fcr, m\u00f6hk\u0259m cansa\u011fl\u0131\u011f\u0131, ail\u0259 s\u0259ad\u0259ti, xo\u015fb\u0259xtlik, firavan g\u00fcnl\u0259r arzulay\u0131ram. \u00dcmidvaram ki, sars\u0131lmaz D\u00f6vl\u0259t-Xalq birliyimiz\u0259 daimi d\u0259st\u0259yiniz \u015fanl\u0131 v\u0259 \u015f\u0259r\u0259fli tariximizin \u0259b\u0259diya\u015farl\u0131\u011f\u0131, davaml\u0131l\u0131\u011f\u0131 \u00fc\u00e7\u00fcn y\u00fcks\u0259k amal ehtiva ed\u0259n q\u00fcrur m\u0259nb\u0259yin\u0259 \u00e7evril\u0259c\u0259kdir.<br \/>\nB\u00f6y\u00fck h\u00f6rm\u0259tl\u0259: ADPU-nun C\u0259lilabad filial\u0131n\u0131n direktoru, dosent Xudayar Sultanl\u0131<\/p>\n<p>[\/vc_column_text][\/vc_column][\/vc_row]<\/p>\n","protected":false},"excerpt":{"rendered":"<p>[vc_row][vc_column][vc_column_text]\u018fziz v\u0259 \u00e7ox h\u00f6rm\u0259tli ADPU-nun C\u0259lilabad filial\u0131n\u0131n kollektivi v\u0259 b\u00fct\u00fcn h\u0259mv\u0259t\u0259nl\u0259r; Sizi qar\u015f\u0131dan g\u0259l\u0259n 31 Dekabr &#8211; D\u00fcnya Az\u0259rbaycanl\u0131lar\u0131n\u0131n H\u0259mr\u0259ylik G\u00fcn\u00fc v\u0259 Yeni il &#8211; 2023-c\u00fc il m\u00fcnasib\u0259til\u0259 s\u0259mimi-q\u0259lbd\u0259n t\u0259brik edir\u0259m. Yola salmaqda oldu\u011fumuz 2022-ci il D\u00f6vl\u0259t\u00e7ilik tariximizd\u0259 art\u0131q dinamik hal alm\u0131\u015f h\u0259yat\u0131m\u0131z \u00fc\u00e7\u00fcn s\u00f6z\u00fcn \u0259sl m\u0259nas\u0131nda h\u0259rt\u0259r\u0259fli inki\u015faf\u0131n, t\u0259r\u0259qqinin, m\u0259d\u0259ni-m\u0259n\u0259vi d\u0259y\u0259rl\u0259rimizin \u00f6n planda oldu\u011fu [&hellip;]<\/p>\n","protected":false},"author":2,"featured_media":12583,"comment_status":"open","ping_status":"open","sticky":false,"template":"","format":"standard","meta":{"_acf_changed":false,"_monsterinsights_skip_tracking":false,"_monsterinsights_sitenote_active":false,"_monsterinsights_sitenote_note":"","_monsterinsights_sitenote_category":0,"footnotes":""},"categories":[1],"tags":[],"class_list":["post-12923","post","type-post","status-publish","format-standard","has-post-thumbnail","hentry","category-xbrlr"],"acf":[],"aioseo_notices":[],"_links":{"self":[{"href":"https:\/\/celilabadadpu.edu.az\/index.php?rest_route=\/wp\/v2\/posts\/12923","targetHints":{"allow":["GET"]}}],"collection":[{"href":"https:\/\/celilabadadpu.edu.az\/index.php?rest_route=\/wp\/v2\/posts"}],"about":[{"href":"https:\/\/celilabadadpu.edu.az\/index.php?rest_route=\/wp\/v2\/types\/post"}],"author":[{"embeddable":true,"href":"https:\/\/celilabadadpu.edu.az\/index.php?rest_route=\/wp\/v2\/users\/2"}],"replies":[{"embeddable":true,"href":"https:\/\/celilabadadpu.edu.az\/index.php?rest_route=%2Fwp%2Fv2%2Fcomments&post=12923"}],"version-history":[{"count":1,"href":"https:\/\/celilabadadpu.edu.az\/index.php?rest_route=\/wp\/v2\/posts\/12923\/revisions"}],"predecessor-version":[{"id":12924,"href":"https:\/\/celilabadadpu.edu.az\/index.php?rest_route=\/wp\/v2\/posts\/12923\/revisions\/12924"}],"wp:featuredmedia":[{"embeddable":true,"href":"https:\/\/celilabadadpu.edu.az\/index.php?rest_route=\/wp\/v2\/media\/12583"}],"wp:attachment":[{"href":"https:\/\/celilabadadpu.edu.az\/index.php?rest_route=%2Fwp%2Fv2%2Fmedia&parent=12923"}],"wp:term":[{"taxonomy":"category","embeddable":true,"href":"https:\/\/celilabadadpu.edu.az\/index.php?rest_route=%2Fwp%2Fv2%2Fcategories&post=12923"},{"taxonomy":"post_tag","embeddable":true,"href":"https:\/\/celilabadadpu.edu.az\/index.php?rest_route=%2Fwp%2Fv2%2Ftags&post=12923"}],"curies":[{"name":"wp","href":"https:\/\/api.w.org\/{rel}","templated":true}]}}