{"id":13233,"date":"2023-11-03T06:33:05","date_gmt":"2023-11-03T06:33:05","guid":{"rendered":"https:\/\/celilabadadpu.edu.az\/?p=13233"},"modified":"2023-11-03T06:33:05","modified_gmt":"2023-11-03T06:33:05","slug":"adpu-nun-c%c9%99lilabad-filialinda-umummilli-lider-heyd%c9%99r-eliyevin-100-illiyin%c9%99-h%c9%99sr-olunan-qarabag-z%c9%99f%c9%99ri-heyd%c9%99r-eliyev-irsinin-t%c9%99nt%c9%99n%c9%99sidir-movzusund","status":"publish","type":"post","link":"https:\/\/celilabadadpu.edu.az\/?p=13233","title":{"rendered":"ADPU-nun C\u0259lilabad filial\u0131nda \u00dcmummilli lider Heyd\u0259r \u018fliyevin 100 illiyin\u0259 h\u0259sr olunan &#8220;Qaraba\u011f z\u0259f\u0259ri Heyd\u0259r \u018fliyev irsinin t\u0259nt\u0259n\u0259sidir&#8221; m\u00f6vzusunda elmi seminar\u0131 ke\u00e7irilmi\u015fdir"},"content":{"rendered":"<p>[vc_row][vc_column][vc_column_text]2 noyabr 2023-c\u00fc il tarixind\u0259 ADPU-nun C\u0259lilabad filial\u0131nda \u00dcmummilli lider Heyd\u0259r \u018fliyevin 100 illiyin\u0259 h\u0259sr olunan &#8221; T\u0259bi\u0259t v\u0259 sosial elml\u0259r, onlar\u0131n t\u0259drisi texnologiyas\u0131 kafedras\u0131&#8221;n\u0131n ba\u015f m\u00fc\u0259llimi, Tarix elml\u0259ri \u00fczr\u0259 f\u0259ls\u0259f\u0259 doktoru M.Abbasovun  &#8220;Qaraba\u011f z\u0259f\u0259ri Heyd\u0259r \u018fliyev irsinin t\u0259nt\u0259n\u0259sidir&#8221; m\u00f6vzusunda elmi seminar\u0131 ke\u00e7irilmi\u015fdir.<br \/>\nElmi seminarda T\u0259bi\u0259t v\u0259 sosial elml\u0259r onlar\u0131n t\u0259drisi texnologiyas\u0131 kafedras\u0131n\u0131n m\u00fcdiri, co\u011frafiya elml\u0259ri \u00fczr\u0259 f\u0259ls\u0259f\u0259 doktoru E.Muradl\u0131, Tarix elml\u0259ri  \u00fczr\u0259 f\u0259ls\u0259f\u0259  doktoru ba\u015f m\u00fc\u0259llim  K.K\u0259rimova, ba\u015f m\u00fc\u0259lliml\u0259r \u018f.Mirz\u0259zad\u0259, E.\u0130smay\u0131lova, m\u00fc\u0259lliml\u0259r H.Babayeva, R.Sabirli, T\u0259dbirl\u0259rin t\u0259\u015fkili v\u0259 t\u0259l\u0259b\u0259l\u0259rl\u0259 i\u015f \u015f\u00f6b\u0259sinin m\u00fct\u0259x\u0259ssisi \u015e.H\u00fcseynov  v\u0259 m\u00fcxt\u0259lif ixtisaslar \u00fczr\u0259 t\u0259l\u0259b\u0259l\u0259r i\u015ftirak edibl\u0259r .<br \/>\nT\u0259dbird\u0259 ilk olaraq Az\u0259rbaycan Respublikas\u0131n\u0131n d\u00f6vl\u0259t himni s\u0259sl\u0259ndirilib daha sonra torpaqlar\u0131m\u0131z\u0131n azadl\u0131\u011f\u0131 u\u011frunda can\u0131ndan, qan\u0131ndan ke\u00e7mi\u015f \u015f\u0259hidl\u0259rimizin \u0259ziz xatir\u0259si bir d\u0259qiq\u0259lik s\u00fckutla yad edilib.<br \/>\nT\u0259dbiri giri\u015f s\u00f6z\u00fc il\u0259 a\u00e7an T\u0259bi\u0259t v\u0259 sosial elml\u0259r onlar\u0131n t\u0259drisi texnologiyas\u0131 kafedras\u0131n\u0131n m\u00fcdiri E.Muradl\u0131  seminar\u0131n \u00e7ox aktual bir m\u00f6vzuya h\u0259sr olundu\u011funu vur\u011fulay\u0131b .<br \/>\nDaha sonra Tarix elml\u0259ri \u00fczr\u0259 f\u0259ls\u0259f\u0259 doktoru, ba\u015f m\u00fc\u0259llim  M.Abbasov Ulu \u00d6nd\u0259rin 90-c\u0131 ill\u0259r f\u0259aliyy\u0259tind\u0259n geni\u015f b\u0259hs ed\u0259r\u0259k , m\u0259nal\u0131 v\u0259 \u015f\u0259r\u0259fli \u00f6mr\u00fcn\u00fc Az\u0259rbaycan d\u00f6vl\u0259tin\u0259, xalq\u0131na t\u0259m\u0259nnas\u0131z xidm\u0259t etm\u0259kl\u0259 \u0259b\u0259diya\u015farl\u0131q r\u0259mzin\u0259 \u00e7evril\u0259n \u00dcmummilli lider Heyd\u0259r \u018fliyevin haql\u0131 olaraq &#8220;D\u00fcnyan\u0131n \u0259n b\u00f6y\u00fck az\u0259rbaycanl\u0131s\u0131&#8221; adland\u0131r\u0131ld\u0131\u011f\u0131n\u0131 vur\u011fulay\u0131b. Ulu \u00d6nd\u0259rin m\u00fcdrik d\u00f6vl\u0259t xadimi, dahi siyas\u0259t\u00e7i olmaqla b\u0259rab\u0259r, h\u0259m d\u0259 alovlu v\u0259t\u0259np\u0259rv\u0259r oldu\u011funu s\u00f6yl\u0259y\u0259n M.Abbasov, Az\u0259rbaycan\u0131m\u0131z\u0131n h\u0259r bir gu\u015f\u0259si, h\u0259r bir b\u00f6lg\u0259si kimi Da\u011fl\u0131q Qaraba\u011f\u0131n da onun \u00fc\u00e7\u00fcn \u0259ziz v\u0259 do\u011fma oldu\u011funu bildirib. Zaman-zaman Az\u0259rbaycan torpaqlar\u0131na g\u00f6z dik\u0259n erm\u0259nil\u0259rin \u00f6t\u0259n \u0259srin ikinci yar\u0131s\u0131nda f\u0259alla\u015fmalar\u0131n\u0131n qar\u015f\u0131s\u0131 m\u0259hz Ulu \u00d6nd\u0259rin q\u0259tiyy\u0259ti say\u0259sind\u0259 al\u0131nd\u0131\u011f\u0131n\u0131, bir \u00e7ox hallarda h\u0259min c\u0259hdl\u0259rin qar\u015f\u0131s\u0131n\u0131n al\u0131nmas\u0131n\u0131n &#8220;t\u0259\u015fkilat\u00e7\u0131s\u0131yam&#8221; s\u00f6yl\u0259y\u0259n ulu \u00f6nd\u0259r Heyd\u0259r \u018fliyevin g\u00fccl\u00fc q\u0259tiyy\u0259ti n\u0259tic\u0259sind\u0259 yalan v\u0259 iftira\u00e7\u0131 erm\u0259ni iddialar\u0131n\u0131n iflasa u\u011frad\u0131\u011f\u0131n\u0131 t\u0259dbir i\u015ftirak\u00e7\u0131lar\u0131na s\u00f6yl\u0259yib.<br \/>\nT\u0259dbir sonda t\u0259l\u0259b\u0259l\u0259rin suallar\u0131n\u0131n cavabland\u0131r\u0131lmas\u0131 il\u0259 yekunla\u015f\u0131b.<\/p>\n<p>[\/vc_column_text][\/vc_column][\/vc_row]<\/p>\n","protected":false},"excerpt":{"rendered":"<p>[vc_row][vc_column][vc_column_text]2 noyabr 2023-c\u00fc il tarixind\u0259 ADPU-nun C\u0259lilabad filial\u0131nda \u00dcmummilli lider Heyd\u0259r \u018fliyevin 100 illiyin\u0259 h\u0259sr olunan &#8221; T\u0259bi\u0259t v\u0259 sosial elml\u0259r, onlar\u0131n t\u0259drisi texnologiyas\u0131 kafedras\u0131&#8221;n\u0131n ba\u015f m\u00fc\u0259llimi, Tarix elml\u0259ri \u00fczr\u0259 f\u0259ls\u0259f\u0259 doktoru M.Abbasovun &#8220;Qaraba\u011f z\u0259f\u0259ri Heyd\u0259r \u018fliyev irsinin t\u0259nt\u0259n\u0259sidir&#8221; m\u00f6vzusunda elmi seminar\u0131 ke\u00e7irilmi\u015fdir. Elmi seminarda T\u0259bi\u0259t v\u0259 sosial elml\u0259r onlar\u0131n t\u0259drisi texnologiyas\u0131 kafedras\u0131n\u0131n m\u00fcdiri, co\u011frafiya [&hellip;]<\/p>\n","protected":false},"author":2,"featured_media":13234,"comment_status":"open","ping_status":"open","sticky":false,"template":"","format":"standard","meta":{"_acf_changed":false,"_monsterinsights_skip_tracking":false,"_monsterinsights_sitenote_active":false,"_monsterinsights_sitenote_note":"","_monsterinsights_sitenote_category":0,"footnotes":""},"categories":[1],"tags":[],"class_list":["post-13233","post","type-post","status-publish","format-standard","has-post-thumbnail","hentry","category-xbrlr"],"acf":[],"aioseo_notices":[],"_links":{"self":[{"href":"https:\/\/celilabadadpu.edu.az\/index.php?rest_route=\/wp\/v2\/posts\/13233","targetHints":{"allow":["GET"]}}],"collection":[{"href":"https:\/\/celilabadadpu.edu.az\/index.php?rest_route=\/wp\/v2\/posts"}],"about":[{"href":"https:\/\/celilabadadpu.edu.az\/index.php?rest_route=\/wp\/v2\/types\/post"}],"author":[{"embeddable":true,"href":"https:\/\/celilabadadpu.edu.az\/index.php?rest_route=\/wp\/v2\/users\/2"}],"replies":[{"embeddable":true,"href":"https:\/\/celilabadadpu.edu.az\/index.php?rest_route=%2Fwp%2Fv2%2Fcomments&post=13233"}],"version-history":[{"count":1,"href":"https:\/\/celilabadadpu.edu.az\/index.php?rest_route=\/wp\/v2\/posts\/13233\/revisions"}],"predecessor-version":[{"id":13235,"href":"https:\/\/celilabadadpu.edu.az\/index.php?rest_route=\/wp\/v2\/posts\/13233\/revisions\/13235"}],"wp:featuredmedia":[{"embeddable":true,"href":"https:\/\/celilabadadpu.edu.az\/index.php?rest_route=\/wp\/v2\/media\/13234"}],"wp:attachment":[{"href":"https:\/\/celilabadadpu.edu.az\/index.php?rest_route=%2Fwp%2Fv2%2Fmedia&parent=13233"}],"wp:term":[{"taxonomy":"category","embeddable":true,"href":"https:\/\/celilabadadpu.edu.az\/index.php?rest_route=%2Fwp%2Fv2%2Fcategories&post=13233"},{"taxonomy":"post_tag","embeddable":true,"href":"https:\/\/celilabadadpu.edu.az\/index.php?rest_route=%2Fwp%2Fv2%2Ftags&post=13233"}],"curies":[{"name":"wp","href":"https:\/\/api.w.org\/{rel}","templated":true}]}}