{"id":14507,"date":"2026-04-24T12:46:08","date_gmt":"2026-04-24T12:46:08","guid":{"rendered":"https:\/\/celilabadadpu.edu.az\/?p=14507"},"modified":"2026-04-24T12:46:08","modified_gmt":"2026-04-24T12:46:08","slug":"xaqani-sirvaninin-anadan-olmasinin-900-illiyi-il%c9%99-%c9%99laq%c9%99dar-seir-s%c9%99n%c9%99tinin-zirv%c9%99sini-f%c9%99th-ed%c9%99n-insan-adli-seir-gec%c9%99si-kecirildi","status":"publish","type":"post","link":"https:\/\/celilabadadpu.edu.az\/?p=14507","title":{"rendered":"Xaqani \u015eirvaninin  anadan olmas\u0131n\u0131n 900 illiyi il\u0259 \u0259laq\u0259dar \u201c\u015eeir s\u0259n\u0259tinin  zirv\u0259sini  f\u0259th ed\u0259n insan \u201cadl\u0131 \u015feir gec\u0259si ke\u00e7irildi."},"content":{"rendered":"<p>[vc_row][vc_column][vc_column_text]23.04.2026-c\u0131 il tarixind\u0259  ADPU C\u0259lilabad filial\u0131n\u0131n v\u0259 C\u0259lilabad Rayon M\u0259rk\u0259zl\u0259\u015fdirilmi\u015f Kitabxana Sisteminin birg\u0259 t\u0259\u015fkilat\u00e7\u0131l\u0131\u011f\u0131 il\u0259 Az\u0259rbaycan Respublikas\u0131 Prezidentinin s\u0259r\u0259ncam\u0131na \u0259sas\u0259n  b\u00f6y\u00fck filosof Xaqani \u015eirvaninin  anadan olmas\u0131n\u0131n 900 illiyi il\u0259 \u0259laq\u0259dar \u201c\u015eeir s\u0259n\u0259tinin  zirv\u0259sini  f\u0259th ed\u0259n insan \u201cadl\u0131 \u015feir gec\u0259si ke\u00e7irildi.<br \/>\nGec\u0259d\u0259 ADPU C\u0259lilabad filial\u0131n\u0131n direktoru,dosent Xudayar Sultanl\u0131, direktor m\u00fcavini Eldar Muradl\u0131 , filial\u0131n  ba\u015f m\u00fc\u0259lliml\u0259ri  Tofiq \u0130sg\u0259nd\u0259rov, \u018fl\u0259sg\u0259r Mirz\u0259zad\u0259,  Ictimaiyy\u0259tl\u0259 \u0259laq\u0259l\u0259r \u00fczr\u0259 m\u0259sul \u015f\u0259xs \u015e. H\u00fcseynov, \u015eair ,AYB -nin \u00fczv\u00fc \u018ffrahim Abbas,\u015eair qira\u0259t\u00e7i Mikay\u0131l \u0130nc\u0259\u00e7ayl\u0131,Tarix m\u00fc\u0259llimi,b\u0259dii qira\u0259t\u00e7i Ad\u0131g\u00f6z\u0259l Nuriyev, \u015e\u0259h\u0259r b\u0259l\u0259diyy\u0259 s\u0259drinin m\u00fcavini El\u00e7in H\u00fcseynov, \u015eair Qurban \u018fhm\u0259d , M\u00fc\u0259llim Dada\u015f Bayramov  v\u0259 Filial\u0131n m\u00fcxt\u0259lif ixtisaslar \u00fczr\u0259  t\u0259l\u0259b\u0259l\u0259ri i\u015ftirak edirdil\u0259r.<br \/>\n\u0130lk \u00f6nc\u0259 Az\u0259rbaycan Respublikas\u0131n\u0131n D\u00f6vl\u0259t Himni s\u0259sl\u0259ndirildi . Sonra  Ulu \u00f6nd\u0259r Heyd\u0259r \u018fliyevin v\u0259 torpaqlar\u0131m\u0131z\u0131n azadl\u0131\u011f\u0131 u\u011frunda canlar\u0131ndan ke\u00e7\u0259n \u015f\u0259hidl\u0259rimizin \u0259ziz  xatir\u0259si bir d\u0259qiq\u0259lik s\u00fckutla yad edildi.<br \/>\nGec\u0259nin apar\u0131c\u0131s\u0131 MKS-nin metodisti M\u00fc\u015fahid\u0259 N\u0259rimanova giri\u015f s\u00f6z\u00fc il\u0259 \u00e7\u0131x\u0131\u015f ed\u0259r\u0259k vur\u011fulad\u0131 ki, \u015eairl\u0259ri qartala b\u0259nz\u0259dirl\u0259r. Ax\u0131, qartallar zirv\u0259d\u0259 ya\u015fay\u0131r, \u015fairl\u0259ri d\u0259, y\u00fcks\u0259klik h\u0259mi\u015f\u0259 \u00f6z\u00fcn\u0259 s\u0259sl\u0259yir. Ax\u0131, qartallar mavi s\u0259malarda s\u00fcz\u00fcb yer\u0259, insanlara, h\u0259yata tama\u015fa el\u0259m\u0259kd\u0259n h\u0259zz al\u0131rlar. \u015eairl\u0259r d\u0259 h\u0259yat\u0131n f\u00f6vq\u00fcnd\u0259 dayan\u0131b h\u0259yata bax\u0131r. Onlar h\u0259yata uzaqdan baxmaq ist\u0259mir. Az\u0259rbaycan milli m\u0259d\u0259niyy\u0259tini min bir ulduzlu g\u00f6y\u0259 b\u0259nz\u0259tm\u0259k olar. Bu s\u00f6nm\u0259z ulduzlar\u0131n aras\u0131nda \u0259n gur i\u015f\u0131q sa\u00e7anlar\u0131n, \u00f6z \u015f\u0259kli, \u00f6z ad\u0131 v\u0259 \u00f6z s\u0259mti olanlardan biri d\u0259 \u018ffz\u0259l\u0259ddin Xaqani \u015eirvanidir. Xaqani biz\u0259 xalq\u0131n \u00fcr\u0259yind\u0259n ax\u0131b g\u0259lmi\u015fdir. Onun h\u0259mi\u015f\u0259cavan poeziyas\u0131 \u015feir a\u015fiql\u0259rinin q\u0259lbind\u0259, dilind\u0259 doqquz \u0259sr\u0259 yax\u0131nd\u0131r ki, \u00f6m\u00fcr s\u00fcr\u00fcb, damc\u0131-damc\u0131 bir yer\u0259 toplan\u0131b v\u0259 bu g\u00fcn bizim g\u00f6rd\u00fcy\u00fcm\u00fcz \u00fcmman\u0131 yarad\u0131bd\u0131r.<br \/>\nT\u0259dbird\u0259 i\u015ftirak ed\u0259n qonaqlar da \u00e7\u0131x\u0131\u015flar\u0131nda  vur\u011fulad\u0131lar ki, Xaqani \u015eirvani v\u0259t\u0259nini d\u0259rin bir m\u0259hh\u0259bb\u0259tl\u0259 sev\u0259n bir \u015fair idi. Daim v\u0259t\u0259ni t\u0259r\u0259nn\u00fcm ed\u0259n \u015feirl\u0259ri, \u0259s\u0259rl\u0259ri bu g\u00fcn\u0259 q\u0259d\u0259r sevilir v\u0259 h\u0259r bir g\u0259l\u0259c\u0259k n\u0259sl\u0259 \u00f6rn\u0259k v\u0259 n\u00fcmun\u0259dir. \u015eairin yazd\u0131\u011f\u0131 \u201cSavalan da\u011f\u0131n\u0131n t\u0259rifi\u201d v\u0259t\u0259np\u0259rv\u0259rlik m\u00f6vzusunda yaz\u0131lm\u0131\u015f \u00f6z qiym\u0259tli fikri-b\u0259dii keyfiyy\u0259tl\u0259ri etibar\u0131 il\u0259 x\u00fcsusi yer tutan \u0259s\u0259rdir.<br \/>\nT\u0259dbird\u0259 filial\u0131n  t\u0259l\u0259b\u0259l\u0259ri Xaqani \u015eirvanin q\u0259z\u0259ll\u0259rind\u0259n s\u0259sl\u0259ndirdil\u0259r v\u0259 \u201cH\u0259bsd\u0259n \u015fikay\u0259t\u201dadl\u0131 s\u0259hn\u0259cik ifa etdil\u0259r.<\/p>\n<p>[\/vc_column_text][\/vc_column][\/vc_row]<\/p>\n","protected":false},"excerpt":{"rendered":"<p>[vc_row][vc_column][vc_column_text]23.04.2026-c\u0131 il tarixind\u0259 ADPU C\u0259lilabad filial\u0131n\u0131n v\u0259 C\u0259lilabad Rayon M\u0259rk\u0259zl\u0259\u015fdirilmi\u015f Kitabxana Sisteminin birg\u0259 t\u0259\u015fkilat\u00e7\u0131l\u0131\u011f\u0131 il\u0259 Az\u0259rbaycan Respublikas\u0131 Prezidentinin s\u0259r\u0259ncam\u0131na \u0259sas\u0259n b\u00f6y\u00fck filosof Xaqani \u015eirvaninin anadan olmas\u0131n\u0131n 900 illiyi il\u0259 \u0259laq\u0259dar \u201c\u015eeir s\u0259n\u0259tinin zirv\u0259sini f\u0259th ed\u0259n insan \u201cadl\u0131 \u015feir gec\u0259si ke\u00e7irildi. Gec\u0259d\u0259 ADPU C\u0259lilabad filial\u0131n\u0131n direktoru,dosent Xudayar Sultanl\u0131, direktor m\u00fcavini Eldar Muradl\u0131 , filial\u0131n ba\u015f m\u00fc\u0259lliml\u0259ri [&hellip;]<\/p>\n","protected":false},"author":2,"featured_media":14508,"comment_status":"open","ping_status":"open","sticky":false,"template":"","format":"standard","meta":{"_acf_changed":false,"_monsterinsights_skip_tracking":false,"_monsterinsights_sitenote_active":false,"_monsterinsights_sitenote_note":"","_monsterinsights_sitenote_category":0,"footnotes":""},"categories":[1],"tags":[],"class_list":["post-14507","post","type-post","status-publish","format-standard","has-post-thumbnail","hentry","category-xbrlr"],"acf":[],"aioseo_notices":[],"_links":{"self":[{"href":"https:\/\/celilabadadpu.edu.az\/index.php?rest_route=\/wp\/v2\/posts\/14507","targetHints":{"allow":["GET"]}}],"collection":[{"href":"https:\/\/celilabadadpu.edu.az\/index.php?rest_route=\/wp\/v2\/posts"}],"about":[{"href":"https:\/\/celilabadadpu.edu.az\/index.php?rest_route=\/wp\/v2\/types\/post"}],"author":[{"embeddable":true,"href":"https:\/\/celilabadadpu.edu.az\/index.php?rest_route=\/wp\/v2\/users\/2"}],"replies":[{"embeddable":true,"href":"https:\/\/celilabadadpu.edu.az\/index.php?rest_route=%2Fwp%2Fv2%2Fcomments&post=14507"}],"version-history":[{"count":2,"href":"https:\/\/celilabadadpu.edu.az\/index.php?rest_route=\/wp\/v2\/posts\/14507\/revisions"}],"predecessor-version":[{"id":14510,"href":"https:\/\/celilabadadpu.edu.az\/index.php?rest_route=\/wp\/v2\/posts\/14507\/revisions\/14510"}],"wp:featuredmedia":[{"embeddable":true,"href":"https:\/\/celilabadadpu.edu.az\/index.php?rest_route=\/wp\/v2\/media\/14508"}],"wp:attachment":[{"href":"https:\/\/celilabadadpu.edu.az\/index.php?rest_route=%2Fwp%2Fv2%2Fmedia&parent=14507"}],"wp:term":[{"taxonomy":"category","embeddable":true,"href":"https:\/\/celilabadadpu.edu.az\/index.php?rest_route=%2Fwp%2Fv2%2Fcategories&post=14507"},{"taxonomy":"post_tag","embeddable":true,"href":"https:\/\/celilabadadpu.edu.az\/index.php?rest_route=%2Fwp%2Fv2%2Ftags&post=14507"}],"curies":[{"name":"wp","href":"https:\/\/api.w.org\/{rel}","templated":true}]}}